{"id":13927,"date":"2019-06-03T01:28:40","date_gmt":"2019-06-02T23:28:40","guid":{"rendered":"https:\/\/www.orthodiakonia.de\/de\/?p=13927"},"modified":"2019-06-22T13:18:24","modified_gmt":"2019-06-22T11:18:24","slug":"programm-zum-tag-des-orthodoxen-volontaers-2","status":"publish","type":"post","link":"https:\/\/www.orthodiakonia.de\/de\/programm-zum-tag-des-orthodoxen-volontaers-2\/","title":{"rendered":"Programm Zum Tag des orthodoxen Volont\u00e4rs"},"content":{"rendered":"<h2>Deutschland, Krefeld, 5-7 Juli 2019<\/h2>\n<p><strong>5. Juli, Freitag<\/strong><\/p>\n<h2>Traditionen der christlichen Barmherzigkeit und neue Technologien in der Freiwilligenarbeit<\/h2>\n<p><em>Datum der letzten Aktualisierung: 21.06.2019<\/em><\/p>\n<table style=\"border-collapse: collapse;\" border=\"1\" width=\"100%\" cellspacing=\"0\" cellpadding=\"5\">\n<tbody>\n<tr valign=\"top\">\n<td width=\"20%\">17.00<\/td>\n<td width=\"80%\">Empfang und Anmeldung der Teilnehmer. Tee mit Kuchen<\/td>\n<\/tr>\n<tr valign=\"top\">\n<td width=\"20%\">18.00<\/td>\n<td width=\"80%\">  Gespr\u00e4ch von Freiwilligen und Gemeindemitgliedern mit <strong>Erzbischof Panteleimon (Shatov)<\/strong>.<\/td>\n<\/tr>\n<\/tbody>\n<\/table>\n<hr \/>\n<p><strong>6.Juli, Samstag<\/strong><\/p>\n<table style=\"border-collapse: collapse;\" border=\"1\" width=\"100%\" cellspacing=\"0\" cellpadding=\"5\">\n<tbody>\n<tr valign=\"top\">\n<td width=\"20%\">8.30<\/td>\n<td width=\"80%\"><strong>Gebet vor Beginn jeder guten Tat en  zum Heiligen Johannes von Shanghai<\/strong>.<br \/>\n<\/tr>\n<tr valign=\"top\">\n<td width=\"20%\">9.00<\/td>\n<td width=\"80%\"><strong>Er\u00f6ffnung des Freiwilligentags<\/strong>.<br \/>\nBegr\u00fc\u00dfung <strong>Erzbischof Podolsky Tikhon<\/strong>, den Leiter der Berlinern und Deutschen Di\u00f6zese.<br \/>\nEr\u00f6ffnungsrede \u2013 <strong>Erzpriester Ilya Limberger<\/strong><\/td>\n<\/tr>\n<tr valign=\"top\">\n<td width=\"20%\">9.30<\/td>\n<td width=\"80%\">Bedeutung der Freiwilligent\u00e4tigkeit im Christlichen Leben, <strong>Erzbischof Panteleimon (Shatov)<\/strong>.<\/td>\n<\/tr>\n<tr valign=\"top\">\n<td width=\"20%\">10.30<\/td>\n<td width=\"80%\">,<br \/>\nT\u00e4tigkeitsbericht der Diakonie und Pl\u00e4ne, <strong>Alina Titova<\/strong>, Russische-Orthodoxe Diakonie &#8222;Guttat&#8220;, Deutschland<\/td>\n<\/tr>\n<tr valign=\"top\">\n<td width=\"20%\">11.00<\/td>\n<td width=\"80%\"><strong> Vortr\u00e4ge:<\/strong>Kennenlernen mit der Arbeit von diakonischen Gruppen in den Kirchengemeinden in Deutschland und von Freiwilligengruppen anderer L\u00e4nder<\/td>\n<\/tr>\n<tr valign=\"top\">\n<td width=\"20%\">11.15<\/td>\n<td width=\"80%\">Kaffeepause und Poster Session. Gemeinsames Foto.<\/td>\n<\/tr>\n<tr valign=\"top\">\n<td width=\"20%\">11.45<\/td>\n<td width=\"80%\">Sollte das Geheimnis klar werden oder warum brauchen wir ein organisiertes Ehrenamt, <strong>Diakon Igor Kulikov<\/strong>, Leiter des Fernlern- und Fortbildungssektors der Synodalen Abteilung f\u00fcr kirchliche Wohlt\u00e4tigkeit und sozialen Dienst der russisch-orthodoxen Kirche in Moskau.<\/td>\n<\/tr>\n<tr valign=\"top\">\n<td width=\"20%\">12.15<\/td>\n<td width=\"80%\">\u00dcber die Teamrolle in der Freiwilligenarbeit, <strong>Alina Titova<\/strong><\/td>\n<\/tr>\n<tr valign=\"top\">\n<td width=\"20%\">12.00<\/td>\n<td width=\"80%\">Moderne Technologien f\u00fcr effiziente Kommunikation in beteiligten Projektteams. <strong>Alexey Glamozda<\/strong>, Leiter des Regionalb\u00fcros Osteuropa, \u201eLevereis\u201c, Deutschland<\/td>\n<\/tr>\n<tr valign=\"top\">\n<td width=\"20%\">13.00<\/td>\n<td width=\"80%\">Kaffeepause<\/td>\n<\/tr>\n<tr valign=\"top\">\n<td width=\"20%\">13.15<\/td>\n<td width=\"80%\">Pr\u00fcfung durch Fundraising: Technologie als Antwort auf Herausforderungen. <strong>Pascale L\u00e9pine<\/strong>, Gr\u00fcnder von <em>Atypic<\/em>, einem Beratungsunternehmen f\u00fcr den gemeinn\u00fctzigen Sektor, Kanada.<\/td>\n<\/tr>\n<tr valign=\"top\">\n<td width=\"20%\">14.00<\/td>\n<td width=\"80%\">Wer ist ein Freiwilliger? <strong>Frederika de Graaf<\/strong>, Freiwilliger des Ersten Moskauer Hospizes, benannt nach Vera Millionshchikova,<br \/>\nRussland<\/td>\n<\/tr>\n<tr valign=\"top\">\n<td width=\"20%\">14.45<\/td>\n<td width=\"80%\">Mittagsessen<\/td>\n<\/tr>\n<tr valign=\"top\">\n<td width=\"20%\">15.15<\/td>\n<td width=\"80%\">Methode der therapeutischen Erholung bei der Rehabilitation von Kindern und ihren Familien w\u00e4hrend und nach einer Krankheit. <strong>Anna Vorotnikova<\/strong>, Koordinatorin der Freiwilligenausbildung, Zentrum Dobro More, Russland<\/td>\n<\/tr>\n<tr valign=\"top\">\n<td width=\"20%\">16.00<\/td>\n<td width=\"80%\">\u00dcber Partnerschaft, Aufmerksamkeit und kreative Inhalte in Arbeit mit schwerkranken Kindern. <strong>Konstantin Sedov<\/strong>, &#8222;Krankenhaus-Clowns&#8220;, Russland<\/td>\n<\/tr>\n<tr>\n<td width=\"20%\">16.45<\/td>\n<td width=\"80%\">Kaffeepause<\/td>\n<\/tr>\n<tr>\n<td width=\"20%\">17.00<\/td>\n<td width=\"80%\">Sektionsarbeit:<br \/>\n1. Die Rolle der Information und der IT-Technologie f\u00fcr wohlt\u00e4tige Zwecke<br \/>\n2. Ist es m\u00f6glich, Wohlt\u00e4tigkeit in die Selbstversorgung zu \u00fcberf\u00fchren? Projekt Dobro More, Montenegro<br \/>\n3. Training &#8222;Clowns im Krankenhaus&#8220;<br \/>\n4. Training &#8222;Emotionaler Burnout&#8220;<br \/>\n5. Jugendrundtisch\n<\/td>\n<\/tr>\n<tr>\n<td width=\"20%\">18.00<\/td>\n<td width=\"80%\">Abendgottesdienst, Beichte<\/td>\n<\/tr>\n<tr>\n<td width=\"20%\">19.30<\/td>\n<td width=\"80%\">Abendessen<\/td>\n<\/tr>\n<tr>\n<td width=\"20%\">20.00<\/td>\n<td width=\"80%\">Samowar. Unterhaltung mit einer interessanten Person: <strong>Frederika de Graaf<\/strong>.<\/td>\n<\/tr>\n<\/tbody>\n<\/table>\n<hr \/>\n<p><strong>7.Juli, Sonntag<\/strong><\/p>\n<table width=\"100%\" cellspacing=\"0\" cellpadding=\"5\" border=\"1\" style=\"border-collapse:collapse\">\n<tbody>\n<tr valign=\"top\">\n<td width=\"20%\">\n9.30<\/td>\n<td width=\"80%\">Liturgie unter der Leitung von Erzbischof Tikhon Podolski<\/td>\n<\/tr>\n<td width=\"20%\">\n11.30<\/td>\n<td width=\"80%\">Zusammenfassung. Abschluss des Tages des Orthodox-Freiwilligen.<br \/>\nMittagessen<\/td>\n<\/tr>\n<tr valign=\"top\">\n<td width=\"20%\">12.00<\/td>\n<td width=\"80%\">Wohlt\u00e4tigkeitsmarkt &#8222;Die weisse Blume&#8220;<\/td>\n<\/tr>\n<tr valign=\"top\">\n<td width=\"20%\">15.00<\/td>\n<td width=\"80%\">Besuch von Kindern mit Konstantin Sedov<\/td>\n<\/tr>\n<\/tbody>\n<\/table>\n<p><strong>Adresse<\/strong>: Wielandstra\u00dfe 11, 47799 Krefeld<\/p>\n<p><strong>Ansprechpartner<\/strong>: +49 178 5408805, Alina Titova, + 49 176 21214717, Elena Palchinsky.<\/p>\n<p>Im Programm sind \u00c4nderungen m\u00f6glich! Aktuelle Informationen finden Sie auf der Webseite von Diakonia.<\/p>\n<p>Beeilen Sie sich, um Gutes zu tun!<\/p>\n","protected":false},"excerpt":{"rendered":"<p>Deutschland, Krefeld, 5-7 Juli 2019 5. Juli, Freitag Traditionen der christlichen Barmherzigkeit und neue Technologien in der Freiwilligenarbeit Datum der letzten Aktualisierung: 21.06.2019 17.00 Empfang und Anmeldung der Teilnehmer. Tee mit Kuchen 18.00 Gespr\u00e4ch von Freiwilligen und Gemeindemitgliedern mit Erzbischof Panteleimon (Shatov). 6.Juli, Samstag 8.30 Gebet vor Beginn jeder guten Tat en zum Heiligen Johannes von Shanghai. 9.00 Er\u00f6ffnung des Freiwilligentags. Begr\u00fc\u00dfung Erzbischof Podolsky Tikhon, den Leiter der Berlinern und&#8230;<a href=\"https:\/\/www.orthodiakonia.de\/de\/programm-zum-tag-des-orthodoxen-volontaers-2\/\" class=\"read_link\"><span>weiterlesen<\/span><\/a><\/p>\n","protected":false},"author":12,"featured_media":0,"comment_status":"closed","ping_status":"closed","sticky":false,"template":"","format":"standard","meta":{"_monsterinsights_skip_tracking":false,"_monsterinsights_sitenote_active":false,"_monsterinsights_sitenote_note":"","_monsterinsights_sitenote_category":0,"footnotes":""},"categories":[123,90],"tags":[],"class_list":["post-13927","post","type-post","status-publish","format-standard","hentry","category-tag-der-orthodoxen-volontaere-2019","category-veranstaltungen-de"],"_links":{"self":[{"href":"https:\/\/www.orthodiakonia.de\/de\/wp-json\/wp\/v2\/posts\/13927","targetHints":{"allow":["GET"]}}],"collection":[{"href":"https:\/\/www.orthodiakonia.de\/de\/wp-json\/wp\/v2\/posts"}],"about":[{"href":"https:\/\/www.orthodiakonia.de\/de\/wp-json\/wp\/v2\/types\/post"}],"author":[{"embeddable":true,"href":"https:\/\/www.orthodiakonia.de\/de\/wp-json\/wp\/v2\/users\/12"}],"replies":[{"embeddable":true,"href":"https:\/\/www.orthodiakonia.de\/de\/wp-json\/wp\/v2\/comments?post=13927"}],"version-history":[{"count":7,"href":"https:\/\/www.orthodiakonia.de\/de\/wp-json\/wp\/v2\/posts\/13927\/revisions"}],"predecessor-version":[{"id":13993,"href":"https:\/\/www.orthodiakonia.de\/de\/wp-json\/wp\/v2\/posts\/13927\/revisions\/13993"}],"wp:attachment":[{"href":"https:\/\/www.orthodiakonia.de\/de\/wp-json\/wp\/v2\/media?parent=13927"}],"wp:term":[{"taxonomy":"category","embeddable":true,"href":"https:\/\/www.orthodiakonia.de\/de\/wp-json\/wp\/v2\/categories?post=13927"},{"taxonomy":"post_tag","embeddable":true,"href":"https:\/\/www.orthodiakonia.de\/de\/wp-json\/wp\/v2\/tags?post=13927"}],"curies":[{"name":"wp","href":"https:\/\/api.w.org\/{rel}","templated":true}]}}