{"id":17824,"date":"2021-05-29T22:32:34","date_gmt":"2021-05-29T20:32:34","guid":{"rendered":"https:\/\/www.orthodiakonia.de\/?p=17824"},"modified":"2021-05-29T22:32:34","modified_gmt":"2021-05-29T20:32:34","slug":"abschied-von-der-familie-koraev","status":"publish","type":"post","link":"https:\/\/www.orthodiakonia.de\/de\/abschied-von-der-familie-koraev\/","title":{"rendered":"Abschied von der Familie Koraev"},"content":{"rendered":"<p><a href=\"https:\/\/www.orthodiakonia.de\/wp-content\/uploads\/2021\/05\/kamila.jpeg\"><img loading=\"lazy\" decoding=\"async\" src=\"https:\/\/www.orthodiakonia.de\/wp-content\/uploads\/2021\/05\/kamila-167x300.jpeg\" alt=\"\" width=\"167\" height=\"300\" class=\"alignleft size-medium wp-image-17812\" srcset=\"https:\/\/www.orthodiakonia.de\/wp-content\/uploads\/2021\/05\/kamila-167x300.jpeg 167w, https:\/\/www.orthodiakonia.de\/wp-content\/uploads\/2021\/05\/kamila-569x1024.jpeg 569w, https:\/\/www.orthodiakonia.de\/wp-content\/uploads\/2021\/05\/kamila-768x1382.jpeg 768w, https:\/\/www.orthodiakonia.de\/wp-content\/uploads\/2021\/05\/kamila.jpeg 800w\" sizes=\"auto, (max-width: 167px) 100vw, 167px\" \/><\/a><br \/>\n<a href=\"https:\/\/www.orthodiakonia.de\/wp-content\/uploads\/2021\/05\/koraevy.jpg\"><img loading=\"lazy\" decoding=\"async\" src=\"https:\/\/www.orthodiakonia.de\/wp-content\/uploads\/2021\/05\/koraevy-300x197.jpg\" alt=\"\" width=\"300\" height=\"197\" class=\"alignright size-medium wp-image-17815\" srcset=\"https:\/\/www.orthodiakonia.de\/wp-content\/uploads\/2021\/05\/koraevy-300x197.jpg 300w, https:\/\/www.orthodiakonia.de\/wp-content\/uploads\/2021\/05\/koraevy-1024x674.jpg 1024w, https:\/\/www.orthodiakonia.de\/wp-content\/uploads\/2021\/05\/koraevy-768x506.jpg 768w, https:\/\/www.orthodiakonia.de\/wp-content\/uploads\/2021\/05\/koraevy.jpg 1478w\" sizes=\"auto, (max-width: 300px) 100vw, 300px\" \/><\/a> Von unseren Freiwilligen aus K\u00f6ln: \u201eK\u00fcrzlich haben wir uns von unseren Sch\u00fctzlingen, der Familie Korayev, verabschiedet, die nach Nordossetien zur\u00fcckgekehrt sind. Wir haben in den Jahren, die sie hier verbracht haben, eine echte Freundschaft mit ihnen geschlossen. Ihre sch\u00f6ne Tochter Kamila (getaufte Elisabeth) wurde in K\u00f6ln behandelt. Die Krankheit ging f\u00fcr eine Weile zur\u00fcck, kam aber immer wieder. Vor einem Jahr, hier in K\u00f6ln, ist unsere Kamila dem Herrn gestorben. Lass das helle Engelchen im Himmelreich sein! Wir werden uns immer daran erinnern. Alle unsere Freiwilligen liebten es, mit Camila zu spielen. Sie hatte unersch\u00f6pfliche Inspiration und viele kreative Ideen und W\u00fcnsche. Wir haben unsere Freunde, ihre Eltern und ihren j\u00fcngeren Bruder am Jahrestag ihrer Abreise besucht. Wir haben Fotos, Videos und Erinnerungen gesehen Kamila l\u00e4chelte und weinte gleichzeitig. Wir sahen uns Fotos und Videos an und erinnerten uns an Kamila. Wir l\u00e4chelten und weinten gleichzeitig. Am n\u00e4chsten Tag flog die Familie nach Hause. Und jetzt hoffen wir, sie eines Tages in ihrem geliebten Ossetien zu besuchen.&#8220;<\/p>\n","protected":false},"excerpt":{"rendered":"<p>Von unseren Freiwilligen aus K\u00f6ln: \u201eK\u00fcrzlich haben wir uns von unseren Sch\u00fctzlingen, der Familie Korayev, verabschiedet, die nach Nordossetien zur\u00fcckgekehrt sind. Wir haben in den Jahren, die sie hier verbracht haben, eine echte Freundschaft mit ihnen geschlossen. Ihre sch\u00f6ne Tochter Kamila (getaufte Elisabeth) wurde in K\u00f6ln behandelt. Die Krankheit ging f\u00fcr eine Weile zur\u00fcck, kam aber immer wieder. Vor einem Jahr, hier in K\u00f6ln, ist unsere Kamila dem Herrn gestorben&#8230;.<a href=\"https:\/\/www.orthodiakonia.de\/de\/abschied-von-der-familie-koraev\/\" class=\"read_link\"><span>weiterlesen<\/span><\/a><\/p>\n","protected":false},"author":12,"featured_media":0,"comment_status":"closed","ping_status":"closed","sticky":false,"template":"","format":"standard","meta":{"_monsterinsights_skip_tracking":false,"_monsterinsights_sitenote_active":false,"_monsterinsights_sitenote_note":"","_monsterinsights_sitenote_category":0,"footnotes":""},"categories":[67],"tags":[],"class_list":["post-17824","post","type-post","status-publish","format-standard","hentry","category-fotoberichte"],"_links":{"self":[{"href":"https:\/\/www.orthodiakonia.de\/de\/wp-json\/wp\/v2\/posts\/17824","targetHints":{"allow":["GET"]}}],"collection":[{"href":"https:\/\/www.orthodiakonia.de\/de\/wp-json\/wp\/v2\/posts"}],"about":[{"href":"https:\/\/www.orthodiakonia.de\/de\/wp-json\/wp\/v2\/types\/post"}],"author":[{"embeddable":true,"href":"https:\/\/www.orthodiakonia.de\/de\/wp-json\/wp\/v2\/users\/12"}],"replies":[{"embeddable":true,"href":"https:\/\/www.orthodiakonia.de\/de\/wp-json\/wp\/v2\/comments?post=17824"}],"version-history":[{"count":1,"href":"https:\/\/www.orthodiakonia.de\/de\/wp-json\/wp\/v2\/posts\/17824\/revisions"}],"predecessor-version":[{"id":17825,"href":"https:\/\/www.orthodiakonia.de\/de\/wp-json\/wp\/v2\/posts\/17824\/revisions\/17825"}],"wp:attachment":[{"href":"https:\/\/www.orthodiakonia.de\/de\/wp-json\/wp\/v2\/media?parent=17824"}],"wp:term":[{"taxonomy":"category","embeddable":true,"href":"https:\/\/www.orthodiakonia.de\/de\/wp-json\/wp\/v2\/categories?post=17824"},{"taxonomy":"post_tag","embeddable":true,"href":"https:\/\/www.orthodiakonia.de\/de\/wp-json\/wp\/v2\/tags?post=17824"}],"curies":[{"name":"wp","href":"https:\/\/api.w.org\/{rel}","templated":true}]}}