{"id":19754,"date":"2022-07-13T18:16:56","date_gmt":"2022-07-13T16:16:56","guid":{"rendered":"https:\/\/www.orthodiakonia.de\/?p=19754"},"modified":"2022-07-13T18:16:56","modified_gmt":"2022-07-13T16:16:56","slug":"das-treffen-der-ehrenamtlichen-der-diakonie-in-montenegro","status":"publish","type":"post","link":"https:\/\/www.orthodiakonia.de\/de\/das-treffen-der-ehrenamtlichen-der-diakonie-in-montenegro\/","title":{"rendered":"Das Treffen der Ehrenamtlichen der Diakonie in Montenegro"},"content":{"rendered":"<p>Vom 3. bis zum 7. Mai fand in Montenegro nach langer Pandemiepause, in deren die Kommunikation gezwungenerma\u00dfen nur online erfolgte, das Treffen der Koordinatoren und ehrenamtlichen Helfer der Diakonie statt. Nur Wenige von uns konnten leider dabei sein, aber das Wiedersehen war dennoch warm und inspirierend.<\/p>\n<table>\n<tbody>\n<tr>\n<td>\n<a href=\"https:\/\/www.orthodiakonia.de\/wp-content\/uploads\/2022\/06\/v1-scaled.jpg\"><img loading=\"lazy\" decoding=\"async\" src=\"https:\/\/www.orthodiakonia.de\/wp-content\/uploads\/2022\/06\/v1-300x192.jpg\" alt=\"\" width=\"300\" height=\"192\" class=\"alignleft size-medium wp-image-19721\" srcset=\"https:\/\/www.orthodiakonia.de\/wp-content\/uploads\/2022\/06\/v1-300x192.jpg 300w, https:\/\/www.orthodiakonia.de\/wp-content\/uploads\/2022\/06\/v1-1024x654.jpg 1024w, https:\/\/www.orthodiakonia.de\/wp-content\/uploads\/2022\/06\/v1-768x491.jpg 768w, https:\/\/www.orthodiakonia.de\/wp-content\/uploads\/2022\/06\/v1-1536x981.jpg 1536w, https:\/\/www.orthodiakonia.de\/wp-content\/uploads\/2022\/06\/v1-2048x1308.jpg 2048w\" sizes=\"auto, (max-width: 300px) 100vw, 300px\" \/><\/a><br \/>\nNicht nur der Austausch bez\u00fcglich laufender Aufgaben, sondern auch ein psychologisches Training, der Besuch von Sehensw\u00fcrdigkeiten dieses wunderbaren Landes, sowie Entspannung am Meer (schade, das Wasser war nicht warm genug &#x1f60a;) waren auf dem Tagesprogramm.\n<\/td>\n<\/tr>\n<\/tbody>\n<\/table>\n<p><!--more Weiterles\u0435n--><\/p>\n<table>\n<tbody>\n<tr>\n<td>\nNach der Pandemiezeit kam der Krieg. Viele von unseren Ehrenamtlichen waren im M\u00e4rz-April in die Unterst\u00fctzung von Fl\u00fcchtlingen mit erkrankten Kindern eingewickelt, arbeiteten bis zur Ersch\u00f6pfung, um den Familien aus der Ukraine mit Unterkunft in Deutschland und anderen europ\u00e4ischen L\u00e4ndern auszuhelfen. Das aktuelle Weltgeschehen fordert von der Diakonie das Setzen von neuen Zielen und Priorit\u00e4ten. Fast alle Ank\u00f6mmlinge ben\u00f6tigen vielf\u00e4ltige Unterst\u00fctzung im Alltag, psychologische Hilfe und Seelsorge. Gravierende Einschr\u00e4nkungen gab es des Weiteren mit der Kinderhilfe aus Russland: Einreiseeinschr\u00e4nkungen, Schwierigkeiten bei Spendensammlungen, das Fehlen von lebensnotwendigen Medikamenten. Wie kann hier die Diakonie helfen? Unser Gedankenaustausch dauerte bis sp\u00e4t in die Nacht an.\n<\/td>\n<\/tr>\n<tr>\n<td>\n<a href=\"https:\/\/www.orthodiakonia.de\/wp-content\/uploads\/2022\/06\/v2.jpg\"><img loading=\"lazy\" decoding=\"async\" src=\"https:\/\/www.orthodiakonia.de\/wp-content\/uploads\/2022\/06\/v2-300x288.jpg\" alt=\"\" width=\"300\" height=\"288\" class=\"alignleft size-medium wp-image-19724\" srcset=\"https:\/\/www.orthodiakonia.de\/wp-content\/uploads\/2022\/06\/v2-300x288.jpg 300w, https:\/\/www.orthodiakonia.de\/wp-content\/uploads\/2022\/06\/v2-1024x984.jpg 1024w, https:\/\/www.orthodiakonia.de\/wp-content\/uploads\/2022\/06\/v2-768x738.jpg 768w, https:\/\/www.orthodiakonia.de\/wp-content\/uploads\/2022\/06\/v2-1536x1476.jpg 1536w, https:\/\/www.orthodiakonia.de\/wp-content\/uploads\/2022\/06\/v2.jpg 1960w\" sizes=\"auto, (max-width: 300px) 100vw, 300px\" \/><\/a>Jeder Krieg ist grausam, auch entfernt vom Kriegsfeld und zerst\u00f6rten St\u00e4dten. Ein Krieg verbreitet Hass und Spaltung, t\u00f6tet die Hoffnung, macht die Seelen von Millionen Menschen zur W\u00fcste. Die Welt hat sich ver\u00e4ndert: Wie soll man weiterleben? Wie kann man Kontakt aufrecht erhalten mit denjenigen, die deine Werte nicht teilen und deine Realit\u00e4t nicht annehmen? Wie kann man einem Menschen helfen, der vor innigem Schmerz \u00fcberf\u00fcllt ist? Und eventuell das Wichtigste \u2013 wie kann man sich regenerieren, eigene Seele auskurieren, Kr\u00e4fte finden, um Andere zu unterst\u00fctzen? Wir waren auf der Suche nach Antworten auf diese Fragen im Rahmen des Seminars \u201eKonflikte und Ressourcen\u201c, der von einem hervorragenden Spezialisten in diesem Bereich Susanne K. gef\u00fchrt wurde. Das war ein 1-t\u00e4giger Seminar. Jeder von uns hatte die M\u00f6glichkeit, sich zu \u00e4u\u00dfern, Fragen zu stellen und Eindr\u00fccke zu teilen, sowie manchmal unterwartete Antworten auf eigene Fragen zu bekommen. Einigkeit, Mitgef\u00fchl und gegenseitige Unterst\u00fctzung waren Begleiter des Seminars.\n<\/td>\n<\/tr>\n<tr>\n<td>\n<a href=\"https:\/\/www.orthodiakonia.de\/wp-content\/uploads\/2022\/06\/v3-scaled.jpg\"><img loading=\"lazy\" decoding=\"async\" src=\"https:\/\/www.orthodiakonia.de\/wp-content\/uploads\/2022\/06\/v3-300x243.jpg\" alt=\"\" width=\"300\" height=\"243\" class=\"alignleft size-medium wp-image-19727\" srcset=\"https:\/\/www.orthodiakonia.de\/wp-content\/uploads\/2022\/06\/v3-300x243.jpg 300w, https:\/\/www.orthodiakonia.de\/wp-content\/uploads\/2022\/06\/v3-1024x829.jpg 1024w, https:\/\/www.orthodiakonia.de\/wp-content\/uploads\/2022\/06\/v3-768x622.jpg 768w, https:\/\/www.orthodiakonia.de\/wp-content\/uploads\/2022\/06\/v3-1536x1244.jpg 1536w, https:\/\/www.orthodiakonia.de\/wp-content\/uploads\/2022\/06\/v3-2048x1659.jpg 2048w\" sizes=\"auto, (max-width: 300px) 100vw, 300px\" \/><\/a>Auch die Wunder von Montenegro waren ein Teil des Programms. Wir durften das Herzst\u00fcck des christlichen Lebens des Landes \u2013 Cetinjski manastir, heilige Gebeine von Petar Cetinjski und die Hand vom heiligen Johannes der T\u00e4ufer besichtigen. Im n\u00e4chsten Museum war die Ikone von Gottesmutter von Filerm, die der \u00dcberlieferung zufolge von Apostel Luka geschrieben wurde. Wir standen lange in der Dunkelheit, um die Seele zu beruhigen und den Anblick der Gottesmutter zu betrachten. Wir sahen Kotor, die Bucht vom Gebirgsr\u00fccken und bummelten lange durch enge Gassen der gem\u00fctlichen Stadt. An einem Tag erreichten wir das Mausoleum von Njegos an der Spitze von Lovchen und konnten den Blick auf das ganze Land werfen. Kl\u00f6ster, sagenhafte Spazierg\u00e4nge am Meer, Inseln, Meeresluft der neuen Hoffnung\u2026\n<\/td>\n<\/tr>\n<\/tbody>\n<\/table>\n<p>Unsere Ressourcen waren zu 100 % aufgef\u00fcllt. Wir danken dem Gott und allen Beteiligten f\u00fcr dieses Treffen und warten auf neues Wiedersehen!<\/p>\n","protected":false},"excerpt":{"rendered":"<p>Vom 3. bis zum 7. Mai fand in Montenegro nach langer Pandemiepause, in deren die Kommunikation gezwungenerma\u00dfen nur online erfolgte, das Treffen der Koordinatoren und ehrenamtlichen Helfer der Diakonie statt. Nur Wenige von uns konnten leider dabei sein, aber das Wiedersehen war dennoch warm und inspirierend. Nicht nur der Austausch bez\u00fcglich laufender Aufgaben, sondern auch ein psychologisches Training, der Besuch von Sehensw\u00fcrdigkeiten dieses wunderbaren Landes, sowie Entspannung am Meer (schade,&#8230;<a href=\"https:\/\/www.orthodiakonia.de\/de\/das-treffen-der-ehrenamtlichen-der-diakonie-in-montenegro\/\" class=\"read_link\"><span>weiterlesen<\/span><\/a><\/p>\n","protected":false},"author":12,"featured_media":0,"comment_status":"closed","ping_status":"closed","sticky":false,"template":"","format":"standard","meta":{"_monsterinsights_skip_tracking":false,"_monsterinsights_sitenote_active":false,"_monsterinsights_sitenote_note":"","_monsterinsights_sitenote_category":0,"footnotes":""},"categories":[82],"tags":[],"class_list":["post-19754","post","type-post","status-publish","format-standard","hentry","category-maincat-label-de"],"_links":{"self":[{"href":"https:\/\/www.orthodiakonia.de\/de\/wp-json\/wp\/v2\/posts\/19754","targetHints":{"allow":["GET"]}}],"collection":[{"href":"https:\/\/www.orthodiakonia.de\/de\/wp-json\/wp\/v2\/posts"}],"about":[{"href":"https:\/\/www.orthodiakonia.de\/de\/wp-json\/wp\/v2\/types\/post"}],"author":[{"embeddable":true,"href":"https:\/\/www.orthodiakonia.de\/de\/wp-json\/wp\/v2\/users\/12"}],"replies":[{"embeddable":true,"href":"https:\/\/www.orthodiakonia.de\/de\/wp-json\/wp\/v2\/comments?post=19754"}],"version-history":[{"count":1,"href":"https:\/\/www.orthodiakonia.de\/de\/wp-json\/wp\/v2\/posts\/19754\/revisions"}],"predecessor-version":[{"id":19755,"href":"https:\/\/www.orthodiakonia.de\/de\/wp-json\/wp\/v2\/posts\/19754\/revisions\/19755"}],"wp:attachment":[{"href":"https:\/\/www.orthodiakonia.de\/de\/wp-json\/wp\/v2\/media?parent=19754"}],"wp:term":[{"taxonomy":"category","embeddable":true,"href":"https:\/\/www.orthodiakonia.de\/de\/wp-json\/wp\/v2\/categories?post=19754"},{"taxonomy":"post_tag","embeddable":true,"href":"https:\/\/www.orthodiakonia.de\/de\/wp-json\/wp\/v2\/tags?post=19754"}],"curies":[{"name":"wp","href":"https:\/\/api.w.org\/{rel}","templated":true}]}}